{"id":644,"date":"2022-07-30T16:22:42","date_gmt":"2022-07-30T16:22:42","guid":{"rendered":"https:\/\/avantigestionesinmobiliarias.es\/?p=644"},"modified":"2022-08-06T11:31:21","modified_gmt":"2022-08-06T11:31:21","slug":"c-francisco-orellana-toledano-malaga","status":"publish","type":"post","link":"https:\/\/avantigestionesinmobiliarias.es\/index.php\/2022\/07\/30\/c-francisco-orellana-toledano-malaga\/","title":{"rendered":"C\/ Abogado Francisco Orellana Toledano &#8211; M\u00e1laga"},"content":{"rendered":"\n<div class=\"wp-block-image\"><figure class=\"aligncenter size-large\"><img loading=\"lazy\" decoding=\"async\" width=\"1024\" height=\"734\" src=\"https:\/\/avantigestionesinmobiliarias.es\/wp-content\/uploads\/2022\/07\/Captura-de-pantalla-2022-07-30-a-las-18.13.22-1024x734.png\" alt=\"\" class=\"wp-image-645\" srcset=\"https:\/\/avantigestionesinmobiliarias.es\/wp-content\/uploads\/2022\/07\/Captura-de-pantalla-2022-07-30-a-las-18.13.22-980x703.png 980w, https:\/\/avantigestionesinmobiliarias.es\/wp-content\/uploads\/2022\/07\/Captura-de-pantalla-2022-07-30-a-las-18.13.22-480x344.png 480w\" sizes=\"(min-width: 0px) and (max-width: 480px) 480px, (min-width: 481px) and (max-width: 980px) 980px, (min-width: 981px) 1024px, 100vw\" \/><\/figure><\/div>\n\n\n\n<h2 class=\"wp-block-heading\">1.200\u20ac \/ mes<\/h2>\n\n\n\n<p><\/p>\n\n\n\n<p>Se alquila exclusivamente PARA ESTUDIANTES el pr\u00f3ximo curso (Desde septiembre de 2022 hasta junio 2023). \u00a1Disponible para reserva!<\/p>\n\n\n\n<p>La vivienda se distribuye en 4 espaciosos dormitorios, ba\u00f1o completo, sal\u00f3n y cocina independiente totalmente equipada. Es una primera planta sin ascensor.<\/p>\n\n\n\n<p>La ubicaci\u00f3n es perfecta, junto a la zona de Huelin. A pocos minutos del paseo mar\u00edtimo y de la playa, con comercios y servicios de todo tipo a su alrededor. Junto a varias paradas de autob\u00fas y de metro, a tan solo 15 minutos de la Universidad de M\u00e1laga.<\/p>\n\n\n\n<p>El precio incluye, comunidad, wifi y televisi\u00f3n por cable.<\/p>\n\n\n\n<p>En la entrada habr\u00eda que abonar el mes en curso, una mensualidad de fianza y un mes de honorarios por la gesti\u00f3n del alquiler.<\/p>\n\n\n\n<p>Llamen y soliciten m\u00e1s informaci\u00f3n a los tel\u00e9fonos de Avanti: 601 113 864 y 665 673 090. Estaremos encantados en atenderles.<\/p>\n\n\n\n<p><\/p>\n\n\n\n<p><\/p>\n\n\n\n<figure class=\"wp-block-gallery has-nested-images columns-default is-cropped wp-block-gallery-1 is-layout-flex wp-block-gallery-is-layout-flex\">\n<figure class=\"wp-block-image size-large\"><img loading=\"lazy\" decoding=\"async\" width=\"1024\" height=\"724\" data-id=\"660\" src=\"https:\/\/avantigestionesinmobiliarias.es\/wp-content\/uploads\/2022\/07\/Captura-de-pantalla-2022-07-30-a-las-18.12.58-1-1024x724.png\" alt=\"\" class=\"wp-image-660\" srcset=\"https:\/\/avantigestionesinmobiliarias.es\/wp-content\/uploads\/2022\/07\/Captura-de-pantalla-2022-07-30-a-las-18.12.58-1-980x693.png 980w, https:\/\/avantigestionesinmobiliarias.es\/wp-content\/uploads\/2022\/07\/Captura-de-pantalla-2022-07-30-a-las-18.12.58-1-480x339.png 480w\" sizes=\"(min-width: 0px) and (max-width: 480px) 480px, (min-width: 481px) and (max-width: 980px) 980px, (min-width: 981px) 1024px, 100vw\" \/><\/figure>\n\n\n\n<figure class=\"wp-block-image size-large\"><img loading=\"lazy\" decoding=\"async\" width=\"1024\" height=\"735\" data-id=\"661\" src=\"https:\/\/avantigestionesinmobiliarias.es\/wp-content\/uploads\/2022\/07\/Captura-de-pantalla-2022-07-30-a-las-18.12.45-1-1024x735.png\" alt=\"\" class=\"wp-image-661\" srcset=\"https:\/\/avantigestionesinmobiliarias.es\/wp-content\/uploads\/2022\/07\/Captura-de-pantalla-2022-07-30-a-las-18.12.45-1-980x703.png 980w, https:\/\/avantigestionesinmobiliarias.es\/wp-content\/uploads\/2022\/07\/Captura-de-pantalla-2022-07-30-a-las-18.12.45-1-480x344.png 480w\" sizes=\"(min-width: 0px) and (max-width: 480px) 480px, (min-width: 481px) and (max-width: 980px) 980px, (min-width: 981px) 1024px, 100vw\" \/><\/figure>\n<\/figure>\n\n\n\n<figure class=\"wp-block-gallery has-nested-images columns-default is-cropped wp-block-gallery-2 is-layout-flex wp-block-gallery-is-layout-flex\">\n<figure class=\"wp-block-image size-large\"><img loading=\"lazy\" decoding=\"async\" width=\"1024\" height=\"732\" data-id=\"663\" src=\"https:\/\/avantigestionesinmobiliarias.es\/wp-content\/uploads\/2022\/07\/Captura-de-pantalla-2022-07-30-a-las-18.13.10-1024x732.png\" alt=\"\" class=\"wp-image-663\" srcset=\"https:\/\/avantigestionesinmobiliarias.es\/wp-content\/uploads\/2022\/07\/Captura-de-pantalla-2022-07-30-a-las-18.13.10-980x701.png 980w, https:\/\/avantigestionesinmobiliarias.es\/wp-content\/uploads\/2022\/07\/Captura-de-pantalla-2022-07-30-a-las-18.13.10-480x343.png 480w\" sizes=\"(min-width: 0px) and (max-width: 480px) 480px, (min-width: 481px) and (max-width: 980px) 980px, (min-width: 981px) 1024px, 100vw\" \/><\/figure>\n\n\n\n<figure class=\"wp-block-image size-large\"><img loading=\"lazy\" decoding=\"async\" width=\"1024\" height=\"736\" data-id=\"662\" src=\"https:\/\/avantigestionesinmobiliarias.es\/wp-content\/uploads\/2022\/07\/Captura-de-pantalla-2022-07-30-a-las-18.11.43-4-1024x736.png\" alt=\"\" class=\"wp-image-662\" srcset=\"https:\/\/avantigestionesinmobiliarias.es\/wp-content\/uploads\/2022\/07\/Captura-de-pantalla-2022-07-30-a-las-18.11.43-4-980x704.png 980w, https:\/\/avantigestionesinmobiliarias.es\/wp-content\/uploads\/2022\/07\/Captura-de-pantalla-2022-07-30-a-las-18.11.43-4-480x345.png 480w\" sizes=\"(min-width: 0px) and (max-width: 480px) 480px, (min-width: 481px) and (max-width: 980px) 980px, (min-width: 981px) 1024px, 100vw\" \/><\/figure>\n<\/figure>\n\n\n\n<figure class=\"wp-block-gallery has-nested-images columns-default is-cropped wp-block-gallery-3 is-layout-flex wp-block-gallery-is-layout-flex\">\n<figure class=\"wp-block-image size-large\"><img loading=\"lazy\" decoding=\"async\" width=\"1024\" height=\"736\" data-id=\"665\" src=\"https:\/\/avantigestionesinmobiliarias.es\/wp-content\/uploads\/2022\/07\/Captura-de-pantalla-2022-07-30-a-las-18.11.28-4-1024x736.png\" alt=\"\" class=\"wp-image-665\" srcset=\"https:\/\/avantigestionesinmobiliarias.es\/wp-content\/uploads\/2022\/07\/Captura-de-pantalla-2022-07-30-a-las-18.11.28-4-980x704.png 980w, https:\/\/avantigestionesinmobiliarias.es\/wp-content\/uploads\/2022\/07\/Captura-de-pantalla-2022-07-30-a-las-18.11.28-4-480x345.png 480w\" sizes=\"(min-width: 0px) and (max-width: 480px) 480px, (min-width: 481px) and (max-width: 980px) 980px, (min-width: 981px) 1024px, 100vw\" \/><\/figure>\n<\/figure>\n\n\n\n<figure class=\"wp-block-gallery has-nested-images columns-default is-cropped wp-block-gallery-4 is-layout-flex wp-block-gallery-is-layout-flex\">\n<figure class=\"wp-block-image size-large\"><img loading=\"lazy\" decoding=\"async\" width=\"775\" height=\"1024\" data-id=\"666\" src=\"https:\/\/avantigestionesinmobiliarias.es\/wp-content\/uploads\/2022\/07\/Captura-de-pantalla-2022-07-30-a-las-18.12.07-1-775x1024.png\" alt=\"\" class=\"wp-image-666\"\/><\/figure>\n\n\n\n<figure class=\"wp-block-image size-large\"><img loading=\"lazy\" decoding=\"async\" width=\"1024\" height=\"737\" data-id=\"647\" src=\"https:\/\/avantigestionesinmobiliarias.es\/wp-content\/uploads\/2022\/07\/Captura-de-pantalla-2022-07-30-a-las-18.11.55-1024x737.png\" alt=\"\" class=\"wp-image-647\"\/><\/figure>\n<\/figure>\n","protected":false},"excerpt":{"rendered":"<p>Alquiler para estudiantes \u00b7 95m\u00b2 \u00b7 4 Dormitorios \u00b7 1 Ba\u00f1o<\/p>\n","protected":false},"author":1,"featured_media":645,"comment_status":"open","ping_status":"open","sticky":false,"template":"","format":"standard","meta":{"_et_pb_use_builder":"off","_et_pb_old_content":"","_et_gb_content_width":"","footnotes":""},"categories":[7],"tags":[],"class_list":["post-644","post","type-post","status-publish","format-standard","has-post-thumbnail","hentry","category-en-alquiler"],"_links":{"self":[{"href":"https:\/\/avantigestionesinmobiliarias.es\/index.php\/wp-json\/wp\/v2\/posts\/644","targetHints":{"allow":["GET"]}}],"collection":[{"href":"https:\/\/avantigestionesinmobiliarias.es\/index.php\/wp-json\/wp\/v2\/posts"}],"about":[{"href":"https:\/\/avantigestionesinmobiliarias.es\/index.php\/wp-json\/wp\/v2\/types\/post"}],"author":[{"embeddable":true,"href":"https:\/\/avantigestionesinmobiliarias.es\/index.php\/wp-json\/wp\/v2\/users\/1"}],"replies":[{"embeddable":true,"href":"https:\/\/avantigestionesinmobiliarias.es\/index.php\/wp-json\/wp\/v2\/comments?post=644"}],"version-history":[{"count":5,"href":"https:\/\/avantigestionesinmobiliarias.es\/index.php\/wp-json\/wp\/v2\/posts\/644\/revisions"}],"predecessor-version":[{"id":758,"href":"https:\/\/avantigestionesinmobiliarias.es\/index.php\/wp-json\/wp\/v2\/posts\/644\/revisions\/758"}],"wp:featuredmedia":[{"embeddable":true,"href":"https:\/\/avantigestionesinmobiliarias.es\/index.php\/wp-json\/wp\/v2\/media\/645"}],"wp:attachment":[{"href":"https:\/\/avantigestionesinmobiliarias.es\/index.php\/wp-json\/wp\/v2\/media?parent=644"}],"wp:term":[{"taxonomy":"category","embeddable":true,"href":"https:\/\/avantigestionesinmobiliarias.es\/index.php\/wp-json\/wp\/v2\/categories?post=644"},{"taxonomy":"post_tag","embeddable":true,"href":"https:\/\/avantigestionesinmobiliarias.es\/index.php\/wp-json\/wp\/v2\/tags?post=644"}],"curies":[{"name":"wp","href":"https:\/\/api.w.org\/{rel}","templated":true}]}}