{"id":628,"date":"2022-07-30T16:01:42","date_gmt":"2022-07-30T16:01:42","guid":{"rendered":"https:\/\/avantigestionesinmobiliarias.es\/?p=628"},"modified":"2022-08-06T11:31:07","modified_gmt":"2022-08-06T11:31:07","slug":"c-francisco-luis-francisco-pallardo-peinado","status":"publish","type":"post","link":"https:\/\/avantigestionesinmobiliarias.es\/index.php\/2022\/07\/30\/c-francisco-luis-francisco-pallardo-peinado\/","title":{"rendered":"C\/ Francisco Luis Francisco Pallardo Peinado"},"content":{"rendered":"\n<div class=\"wp-block-image\"><figure class=\"aligncenter size-large\"><img loading=\"lazy\" decoding=\"async\" width=\"1024\" height=\"735\" src=\"https:\/\/avantigestionesinmobiliarias.es\/wp-content\/uploads\/2022\/07\/Captura-de-pantalla-2022-07-30-a-las-17.43.06-1024x735.png\" alt=\"\" class=\"wp-image-629\" srcset=\"https:\/\/avantigestionesinmobiliarias.es\/wp-content\/uploads\/2022\/07\/Captura-de-pantalla-2022-07-30-a-las-17.43.06-980x703.png 980w, https:\/\/avantigestionesinmobiliarias.es\/wp-content\/uploads\/2022\/07\/Captura-de-pantalla-2022-07-30-a-las-17.43.06-480x345.png 480w\" sizes=\"(min-width: 0px) and (max-width: 480px) 480px, (min-width: 481px) and (max-width: 980px) 980px, (min-width: 981px) 1024px, 100vw\" \/><\/figure><\/div>\n\n\n\n<h2 class=\"wp-block-heading\">1.250\u20ac \/ mes<\/h2>\n\n\n\n<p><\/p>\n\n\n\n<p>Se alquila amplio y luminoso piso junto al barrio de Carranque, a 3 minutos a pie de la parada de metro de Carranque. Posibilidad de desplazamiento a pie en 20 minutos a la universidad o en bicicleta, patineta.<\/p>\n\n\n\n<p>La vivienda est\u00e1 distribuida en 4 dormitorios, 2 ba\u00f1os, amplio sal\u00f3n comedor y cocina totalmente equipada. El precio incluye comunidad, luz y agua. Se encuentra en perfecto estado.<\/p>\n\n\n\n<p>Se encuentra ubicado en la entrada principal de M\u00e1laga, frente a la Comisar\u00eda y cerca de Teatinos. Rodeado de todo tipo de comercios y servicios (supermercados, bares\/restaurantes, centros comerciales, centro de salud, gimnasio, etc. )<br>F\u00e1cil y r\u00e1pido acceso a la autov\u00eda (todas direcciones) y perfectamente comunicado por metro y autob\u00fas. A tan s\u00f3lo 15 minutos de la playa, del Centro hist\u00f3rico de M\u00e1laga, Puerto deportivo Muelle 1, entre otros.<\/p>\n\n\n\n<p>Llame y solicite m\u00e1s informaci\u00f3n a los tel\u00e9fonos de Avanti: 665 673 090 y 601 113 864. Estaremos encantados en atenderle.<\/p>\n\n\n\n<p><\/p>\n\n\n\n<p><\/p>\n\n\n\n<figure class=\"wp-block-gallery has-nested-images columns-default is-cropped wp-block-gallery-1 is-layout-flex wp-block-gallery-is-layout-flex\">\n<figure class=\"wp-block-image size-large\"><img loading=\"lazy\" decoding=\"async\" width=\"972\" height=\"910\" data-id=\"638\" src=\"https:\/\/avantigestionesinmobiliarias.es\/wp-content\/uploads\/2022\/07\/Captura-de-pantalla-2022-07-30-a-las-17.58.07.png\" alt=\"\" class=\"wp-image-638\" srcset=\"https:\/\/avantigestionesinmobiliarias.es\/wp-content\/uploads\/2022\/07\/Captura-de-pantalla-2022-07-30-a-las-17.58.07.png 972w, https:\/\/avantigestionesinmobiliarias.es\/wp-content\/uploads\/2022\/07\/Captura-de-pantalla-2022-07-30-a-las-17.58.07-480x449.png 480w\" sizes=\"(min-width: 0px) and (max-width: 480px) 480px, (min-width: 481px) 972px, 100vw\" \/><\/figure>\n\n\n\n<figure class=\"wp-block-image size-large\"><img loading=\"lazy\" decoding=\"async\" width=\"1024\" height=\"623\" data-id=\"639\" src=\"https:\/\/avantigestionesinmobiliarias.es\/wp-content\/uploads\/2022\/07\/Captura-de-pantalla-2022-07-30-a-las-17.58.16-1024x623.png\" alt=\"\" class=\"wp-image-639\" srcset=\"https:\/\/avantigestionesinmobiliarias.es\/wp-content\/uploads\/2022\/07\/Captura-de-pantalla-2022-07-30-a-las-17.58.16-980x597.png 980w, https:\/\/avantigestionesinmobiliarias.es\/wp-content\/uploads\/2022\/07\/Captura-de-pantalla-2022-07-30-a-las-17.58.16-480x292.png 480w\" sizes=\"(min-width: 0px) and (max-width: 480px) 480px, (min-width: 481px) and (max-width: 980px) 980px, (min-width: 981px) 1024px, 100vw\" \/><\/figure>\n\n\n\n<figure class=\"wp-block-image size-large\"><img loading=\"lazy\" decoding=\"async\" width=\"1024\" height=\"612\" data-id=\"640\" src=\"https:\/\/avantigestionesinmobiliarias.es\/wp-content\/uploads\/2022\/07\/Captura-de-pantalla-2022-07-30-a-las-17.58.24-1024x612.png\" alt=\"\" class=\"wp-image-640\" srcset=\"https:\/\/avantigestionesinmobiliarias.es\/wp-content\/uploads\/2022\/07\/Captura-de-pantalla-2022-07-30-a-las-17.58.24-980x585.png 980w, https:\/\/avantigestionesinmobiliarias.es\/wp-content\/uploads\/2022\/07\/Captura-de-pantalla-2022-07-30-a-las-17.58.24-480x287.png 480w\" sizes=\"(min-width: 0px) and (max-width: 480px) 480px, (min-width: 481px) and (max-width: 980px) 980px, (min-width: 981px) 1024px, 100vw\" \/><\/figure>\n<\/figure>\n\n\n\n<figure class=\"wp-block-gallery has-nested-images columns-default is-cropped wp-block-gallery-2 is-layout-flex wp-block-gallery-is-layout-flex\">\n<figure class=\"wp-block-image size-large\"><img loading=\"lazy\" decoding=\"async\" width=\"1024\" height=\"738\" data-id=\"633\" src=\"https:\/\/avantigestionesinmobiliarias.es\/wp-content\/uploads\/2022\/07\/Captura-de-pantalla-2022-07-30-a-las-17.42.23-1024x738.png\" alt=\"\" class=\"wp-image-633\" srcset=\"https:\/\/avantigestionesinmobiliarias.es\/wp-content\/uploads\/2022\/07\/Captura-de-pantalla-2022-07-30-a-las-17.42.23-980x706.png 980w, https:\/\/avantigestionesinmobiliarias.es\/wp-content\/uploads\/2022\/07\/Captura-de-pantalla-2022-07-30-a-las-17.42.23-480x346.png 480w\" sizes=\"(min-width: 0px) and (max-width: 480px) 480px, (min-width: 481px) and (max-width: 980px) 980px, (min-width: 981px) 1024px, 100vw\" \/><\/figure>\n\n\n\n<figure class=\"wp-block-image size-large\"><img loading=\"lazy\" decoding=\"async\" width=\"782\" height=\"1024\" data-id=\"634\" src=\"https:\/\/avantigestionesinmobiliarias.es\/wp-content\/uploads\/2022\/07\/Captura-de-pantalla-2022-07-30-a-las-17.42.59-782x1024.png\" alt=\"\" class=\"wp-image-634\"\/><\/figure>\n\n\n\n<figure class=\"wp-block-image size-large\"><img loading=\"lazy\" decoding=\"async\" width=\"786\" height=\"1024\" data-id=\"635\" src=\"https:\/\/avantigestionesinmobiliarias.es\/wp-content\/uploads\/2022\/07\/Captura-de-pantalla-2022-07-30-a-las-17.41.51-1-786x1024.png\" alt=\"\" class=\"wp-image-635\"\/><\/figure>\n<\/figure>\n\n\n\n<figure class=\"wp-block-gallery has-nested-images columns-default is-cropped wp-block-gallery-3 is-layout-flex wp-block-gallery-is-layout-flex\">\n<figure class=\"wp-block-image size-large\"><img loading=\"lazy\" decoding=\"async\" width=\"768\" height=\"1024\" data-id=\"641\" src=\"https:\/\/avantigestionesinmobiliarias.es\/wp-content\/uploads\/2022\/07\/Habitacion-4-Luis-Pallardo.jpg\" alt=\"\" class=\"wp-image-641\" srcset=\"https:\/\/avantigestionesinmobiliarias.es\/wp-content\/uploads\/2022\/07\/Habitacion-4-Luis-Pallardo.jpg 768w, https:\/\/avantigestionesinmobiliarias.es\/wp-content\/uploads\/2022\/07\/Habitacion-4-Luis-Pallardo-480x640.jpg 480w\" sizes=\"(min-width: 0px) and (max-width: 480px) 480px, (min-width: 481px) 768px, 100vw\" \/><\/figure>\n\n\n\n<figure class=\"wp-block-image size-large\"><img loading=\"lazy\" decoding=\"async\" width=\"779\" height=\"1024\" data-id=\"637\" src=\"https:\/\/avantigestionesinmobiliarias.es\/wp-content\/uploads\/2022\/07\/Captura-de-pantalla-2022-07-30-a-las-17.42.33-779x1024.png\" alt=\"\" class=\"wp-image-637\"\/><\/figure>\n<\/figure>\n\n\n\n<figure class=\"wp-block-image size-large\"><img loading=\"lazy\" decoding=\"async\" width=\"1024\" height=\"745\" src=\"https:\/\/avantigestionesinmobiliarias.es\/wp-content\/uploads\/2022\/07\/Captura-de-pantalla-2022-07-30-a-las-17.42.40-1024x745.png\" alt=\"\" class=\"wp-image-636\" srcset=\"https:\/\/avantigestionesinmobiliarias.es\/wp-content\/uploads\/2022\/07\/Captura-de-pantalla-2022-07-30-a-las-17.42.40-980x713.png 980w, https:\/\/avantigestionesinmobiliarias.es\/wp-content\/uploads\/2022\/07\/Captura-de-pantalla-2022-07-30-a-las-17.42.40-480x349.png 480w\" sizes=\"(min-width: 0px) and (max-width: 480px) 480px, (min-width: 481px) and (max-width: 980px) 980px, (min-width: 981px) 1024px, 100vw\" \/><\/figure>\n","protected":false},"excerpt":{"rendered":"<p>Alquiler para estudiantes \u00b7 105m\u00b2 \u00b7 4 Dormitorios \u00b7 2 Ba\u00f1os \u00b7 Orientaci\u00f3n Suroeste<\/p>\n","protected":false},"author":1,"featured_media":629,"comment_status":"open","ping_status":"open","sticky":false,"template":"","format":"standard","meta":{"_et_pb_use_builder":"off","_et_pb_old_content":"","_et_gb_content_width":"","footnotes":""},"categories":[7],"tags":[],"class_list":["post-628","post","type-post","status-publish","format-standard","has-post-thumbnail","hentry","category-en-alquiler"],"_links":{"self":[{"href":"https:\/\/avantigestionesinmobiliarias.es\/index.php\/wp-json\/wp\/v2\/posts\/628","targetHints":{"allow":["GET"]}}],"collection":[{"href":"https:\/\/avantigestionesinmobiliarias.es\/index.php\/wp-json\/wp\/v2\/posts"}],"about":[{"href":"https:\/\/avantigestionesinmobiliarias.es\/index.php\/wp-json\/wp\/v2\/types\/post"}],"author":[{"embeddable":true,"href":"https:\/\/avantigestionesinmobiliarias.es\/index.php\/wp-json\/wp\/v2\/users\/1"}],"replies":[{"embeddable":true,"href":"https:\/\/avantigestionesinmobiliarias.es\/index.php\/wp-json\/wp\/v2\/comments?post=628"}],"version-history":[{"count":2,"href":"https:\/\/avantigestionesinmobiliarias.es\/index.php\/wp-json\/wp\/v2\/posts\/628\/revisions"}],"predecessor-version":[{"id":757,"href":"https:\/\/avantigestionesinmobiliarias.es\/index.php\/wp-json\/wp\/v2\/posts\/628\/revisions\/757"}],"wp:featuredmedia":[{"embeddable":true,"href":"https:\/\/avantigestionesinmobiliarias.es\/index.php\/wp-json\/wp\/v2\/media\/629"}],"wp:attachment":[{"href":"https:\/\/avantigestionesinmobiliarias.es\/index.php\/wp-json\/wp\/v2\/media?parent=628"}],"wp:term":[{"taxonomy":"category","embeddable":true,"href":"https:\/\/avantigestionesinmobiliarias.es\/index.php\/wp-json\/wp\/v2\/categories?post=628"},{"taxonomy":"post_tag","embeddable":true,"href":"https:\/\/avantigestionesinmobiliarias.es\/index.php\/wp-json\/wp\/v2\/tags?post=628"}],"curies":[{"name":"wp","href":"https:\/\/api.w.org\/{rel}","templated":true}]}}