{"id":508,"date":"2022-07-25T16:23:58","date_gmt":"2022-07-25T16:23:58","guid":{"rendered":"https:\/\/avantigestionesinmobiliarias.es\/?p=508"},"modified":"2022-08-06T11:29:35","modified_gmt":"2022-08-06T11:29:35","slug":"c-heroe-de-sostoa-69","status":"publish","type":"post","link":"https:\/\/avantigestionesinmobiliarias.es\/index.php\/2022\/07\/25\/c-heroe-de-sostoa-69\/","title":{"rendered":"C\/ H\u00e9roe de Sostoa, M\u00e1laga"},"content":{"rendered":"\n<figure class=\"wp-block-image size-large\"><img loading=\"lazy\" decoding=\"async\" width=\"781\" height=\"1024\" src=\"https:\/\/avantigestionesinmobiliarias.es\/wp-content\/uploads\/2022\/07\/Captura-de-pantalla-2022-07-25-a-las-18.15.30-781x1024.png\" alt=\"\" class=\"wp-image-510\"\/><\/figure>\n\n\n\n<h2 class=\"wp-block-heading\">1.200\u20ac \/ Mes<\/h2>\n\n\n\n<p>SE ALQUILA MAGN\u00cdFICA VIVIENDA PARA ESTUDIANTES el pr\u00f3ximo curso (desde septiembre hasta junio de 2023)<\/p>\n\n\n\n<p>La vivienda cuenta con amplio Sal\u00f3n-Comedor muy luminoso y soleado, 4 habitaciones, tres de ellas exteriores amplias con capacidad para dos camas y una m\u00e1s peque\u00f1a de una cama. Armarios en cada una de las habitaciones, 2 cuartos de ba\u00f1os completos, Cocina totalmente equipada y lavadero. Tambi\u00e9n cuenta la vivienda con dos ascensores y conserje de d\u00eda.<\/p>\n\n\n\n<p>Reformada parcialmente en una de las mejores zonas de M\u00e1laga, la barriada de Huelin.<br>La reciente reforma parcial de la vivienda ha sido la siguiente: Nueva Instalaci\u00f3n el\u00e9ctrica con iluminaci\u00f3n Led en techos. Ventanas a estrenar de PVC oscilo batientes de doble acristalamiento marca climalit en toda la vivienda. Alisado con perlita de paredes y techos.<br>Reci\u00e9n pintada en su totalidad, Instalaci\u00f3n de Climatizaci\u00f3n Frio\/Calor centralizado en todas las habitaciones y sal\u00f3n comedor pudiendo graduar la temperatura con mando a distancia, as\u00ed como posibilidad de neutralizar temperatura en cada habitaci\u00f3n.<\/p>\n\n\n\n<p>La ubicaci\u00f3n es inmejorable, debido a que esta cerca de todo, del nuevo Paseo Mar\u00edtimo Antonio<br>Banderas, de la maravillosa playa de Huelin, . La vivienda est\u00e1 muy pr\u00f3xima a la estaci\u00f3n de Renfe Mar\u00eda Zambrano, ( posibilidad de viajar en Ave o utilizar el tren de cercan\u00edas, l\u00edneas de M\u00e1laga a Fuengirola y los pueblos cercanos.<\/p>\n\n\n\n<p>Tanto la parada de Metro como la del Bus (l\u00edneas: 1,3, 5,7, 9, Circular,.. . ) a pie de calle, as\u00ed como el centro Hist\u00f3rico de la Ciudad se encuentra a unos 15 minutos caminando. Dispone de todo tipo de peque\u00f1os comercios y grandes superficies de alimentaci\u00f3n, Mercadona, Lid, Supersol, etc.<\/p>\n\n\n\n<p>Realice ya su reserva, posible visita inmediata.<br>Solicite m\u00e1s informaci\u00f3n o visita a los tel\u00e9fonos de Avanti Gestiones Inmobiliarias: 665 673 090 \/ 601 113 864. Estaremos encantados en atenderles.<\/p>\n\n\n\n<p><\/p>\n\n\n\n<figure class=\"wp-block-gallery has-nested-images columns-default is-cropped wp-block-gallery-1 is-layout-flex wp-block-gallery-is-layout-flex\">\n<figure class=\"wp-block-image size-large\"><img loading=\"lazy\" decoding=\"async\" width=\"824\" height=\"1024\" data-id=\"514\" src=\"https:\/\/avantigestionesinmobiliarias.es\/wp-content\/uploads\/2022\/07\/Captura-de-pantalla-2022-07-25-a-las-18.17.33-824x1024.png\" alt=\"\" class=\"wp-image-514\"\/><\/figure>\n\n\n\n<figure class=\"wp-block-image size-large\"><img loading=\"lazy\" decoding=\"async\" width=\"781\" height=\"1024\" data-id=\"512\" src=\"https:\/\/avantigestionesinmobiliarias.es\/wp-content\/uploads\/2022\/07\/Captura-de-pantalla-2022-07-25-a-las-18.17.23-781x1024.png\" alt=\"\" class=\"wp-image-512\"\/><\/figure>\n\n\n\n<figure class=\"wp-block-image size-large\"><img loading=\"lazy\" decoding=\"async\" width=\"780\" height=\"1024\" data-id=\"511\" src=\"https:\/\/avantigestionesinmobiliarias.es\/wp-content\/uploads\/2022\/07\/Captura-de-pantalla-2022-07-25-a-las-18.17.01-780x1024.png\" alt=\"\" class=\"wp-image-511\"\/><\/figure>\n\n\n\n<figure class=\"wp-block-image size-large\"><img loading=\"lazy\" decoding=\"async\" width=\"791\" height=\"1024\" data-id=\"513\" src=\"https:\/\/avantigestionesinmobiliarias.es\/wp-content\/uploads\/2022\/07\/Captura-de-pantalla-2022-07-25-a-las-18.17.12-791x1024.png\" alt=\"\" class=\"wp-image-513\"\/><\/figure>\n\n\n\n<figure class=\"wp-block-image size-large\"><img loading=\"lazy\" decoding=\"async\" width=\"783\" height=\"1024\" data-id=\"515\" src=\"https:\/\/avantigestionesinmobiliarias.es\/wp-content\/uploads\/2022\/07\/Captura-de-pantalla-2022-07-25-a-las-18.16.52-783x1024.png\" alt=\"\" class=\"wp-image-515\"\/><\/figure>\n<\/figure>\n\n\n\n<figure class=\"wp-block-gallery has-nested-images columns-default is-cropped wp-block-gallery-2 is-layout-flex wp-block-gallery-is-layout-flex\">\n<figure class=\"wp-block-image size-full\"><img loading=\"lazy\" decoding=\"async\" width=\"768\" height=\"1024\" data-id=\"538\" src=\"https:\/\/avantigestionesinmobiliarias.es\/wp-content\/uploads\/2022\/07\/PHOTO-2022-07-01-15-50-52-18.jpg\" alt=\"\" class=\"wp-image-538\" srcset=\"https:\/\/avantigestionesinmobiliarias.es\/wp-content\/uploads\/2022\/07\/PHOTO-2022-07-01-15-50-52-18.jpg 768w, https:\/\/avantigestionesinmobiliarias.es\/wp-content\/uploads\/2022\/07\/PHOTO-2022-07-01-15-50-52-18-480x640.jpg 480w\" sizes=\"(min-width: 0px) and (max-width: 480px) 480px, (min-width: 481px) 768px, 100vw\" \/><\/figure>\n\n\n\n<figure class=\"wp-block-image size-large\"><img loading=\"lazy\" decoding=\"async\" width=\"768\" height=\"1024\" data-id=\"537\" src=\"https:\/\/avantigestionesinmobiliarias.es\/wp-content\/uploads\/2022\/07\/PHOTO-2022-07-01-15-50-52-17-1.jpg\" alt=\"\" class=\"wp-image-537\" srcset=\"https:\/\/avantigestionesinmobiliarias.es\/wp-content\/uploads\/2022\/07\/PHOTO-2022-07-01-15-50-52-17-1.jpg 768w, https:\/\/avantigestionesinmobiliarias.es\/wp-content\/uploads\/2022\/07\/PHOTO-2022-07-01-15-50-52-17-1-480x640.jpg 480w\" sizes=\"(min-width: 0px) and (max-width: 480px) 480px, (min-width: 481px) 768px, 100vw\" \/><\/figure>\n<\/figure>\n\n\n\n<figure class=\"wp-block-gallery has-nested-images columns-default is-cropped wp-block-gallery-3 is-layout-flex wp-block-gallery-is-layout-flex\">\n<figure class=\"wp-block-image size-large\"><img loading=\"lazy\" decoding=\"async\" width=\"915\" height=\"1024\" data-id=\"517\" src=\"https:\/\/avantigestionesinmobiliarias.es\/wp-content\/uploads\/2022\/07\/Captura-de-pantalla-2022-07-25-a-las-18.16.33-915x1024.png\" alt=\"\" class=\"wp-image-517\"\/><\/figure>\n\n\n\n<figure class=\"wp-block-image size-large\"><img loading=\"lazy\" decoding=\"async\" width=\"810\" height=\"1024\" data-id=\"516\" src=\"https:\/\/avantigestionesinmobiliarias.es\/wp-content\/uploads\/2022\/07\/Captura-de-pantalla-2022-07-25-a-las-18.16.23-810x1024.png\" alt=\"\" class=\"wp-image-516\"\/><\/figure>\n<\/figure>\n\n\n\n<figure class=\"wp-block-gallery has-nested-images columns-default is-cropped wp-block-gallery-4 is-layout-flex wp-block-gallery-is-layout-flex\">\n<figure class=\"wp-block-image size-large\"><img loading=\"lazy\" decoding=\"async\" width=\"789\" height=\"1024\" data-id=\"518\" src=\"https:\/\/avantigestionesinmobiliarias.es\/wp-content\/uploads\/2022\/07\/Captura-de-pantalla-2022-07-25-a-las-18.16.04-789x1024.png\" alt=\"\" class=\"wp-image-518\"\/><\/figure>\n\n\n\n<figure class=\"wp-block-image size-large\"><img loading=\"lazy\" decoding=\"async\" width=\"783\" height=\"1024\" data-id=\"519\" src=\"https:\/\/avantigestionesinmobiliarias.es\/wp-content\/uploads\/2022\/07\/Captura-de-pantalla-2022-07-25-a-las-18.14.32-783x1024.png\" alt=\"\" class=\"wp-image-519\"\/><\/figure>\n<\/figure>\n\n\n\n<figure class=\"wp-block-gallery has-nested-images columns-default is-cropped wp-block-gallery-5 is-layout-flex wp-block-gallery-is-layout-flex\">\n<figure class=\"wp-block-image size-large\"><img loading=\"lazy\" decoding=\"async\" width=\"786\" height=\"1024\" data-id=\"524\" src=\"https:\/\/avantigestionesinmobiliarias.es\/wp-content\/uploads\/2022\/07\/Captura-de-pantalla-2022-07-25-a-las-18.14.21-1-786x1024.png\" alt=\"\" class=\"wp-image-524\"\/><\/figure>\n\n\n\n<figure class=\"wp-block-image size-large\"><img loading=\"lazy\" decoding=\"async\" width=\"780\" height=\"1024\" data-id=\"523\" src=\"https:\/\/avantigestionesinmobiliarias.es\/wp-content\/uploads\/2022\/07\/Captura-de-pantalla-2022-07-25-a-las-18.14.10-780x1024.png\" alt=\"\" class=\"wp-image-523\"\/><\/figure>\n\n\n\n<figure class=\"wp-block-image size-large\"><img loading=\"lazy\" decoding=\"async\" width=\"778\" height=\"1024\" data-id=\"521\" src=\"https:\/\/avantigestionesinmobiliarias.es\/wp-content\/uploads\/2022\/07\/Captura-de-pantalla-2022-07-25-a-las-18.14.44-778x1024.png\" alt=\"\" class=\"wp-image-521\"\/><\/figure>\n\n\n\n<figure class=\"wp-block-image size-large\"><img loading=\"lazy\" decoding=\"async\" width=\"782\" height=\"1024\" data-id=\"526\" src=\"https:\/\/avantigestionesinmobiliarias.es\/wp-content\/uploads\/2022\/07\/Captura-de-pantalla-2022-07-25-a-las-18.15.45-782x1024.png\" alt=\"\" class=\"wp-image-526\"\/><\/figure>\n<\/figure>\n","protected":false},"excerpt":{"rendered":"<p>Vivienda Alquiler para Estudiantes \u00b7 110 m\u00b2 \u00b7 4 Dormitorios \u00b7 2 Ba\u00f1os<\/p>\n","protected":false},"author":1,"featured_media":510,"comment_status":"open","ping_status":"open","sticky":false,"template":"","format":"standard","meta":{"_et_pb_use_builder":"off","_et_pb_old_content":"","_et_gb_content_width":"","footnotes":""},"categories":[7],"tags":[],"class_list":["post-508","post","type-post","status-publish","format-standard","has-post-thumbnail","hentry","category-en-alquiler"],"_links":{"self":[{"href":"https:\/\/avantigestionesinmobiliarias.es\/index.php\/wp-json\/wp\/v2\/posts\/508","targetHints":{"allow":["GET"]}}],"collection":[{"href":"https:\/\/avantigestionesinmobiliarias.es\/index.php\/wp-json\/wp\/v2\/posts"}],"about":[{"href":"https:\/\/avantigestionesinmobiliarias.es\/index.php\/wp-json\/wp\/v2\/types\/post"}],"author":[{"embeddable":true,"href":"https:\/\/avantigestionesinmobiliarias.es\/index.php\/wp-json\/wp\/v2\/users\/1"}],"replies":[{"embeddable":true,"href":"https:\/\/avantigestionesinmobiliarias.es\/index.php\/wp-json\/wp\/v2\/comments?post=508"}],"version-history":[{"count":8,"href":"https:\/\/avantigestionesinmobiliarias.es\/index.php\/wp-json\/wp\/v2\/posts\/508\/revisions"}],"predecessor-version":[{"id":752,"href":"https:\/\/avantigestionesinmobiliarias.es\/index.php\/wp-json\/wp\/v2\/posts\/508\/revisions\/752"}],"wp:featuredmedia":[{"embeddable":true,"href":"https:\/\/avantigestionesinmobiliarias.es\/index.php\/wp-json\/wp\/v2\/media\/510"}],"wp:attachment":[{"href":"https:\/\/avantigestionesinmobiliarias.es\/index.php\/wp-json\/wp\/v2\/media?parent=508"}],"wp:term":[{"taxonomy":"category","embeddable":true,"href":"https:\/\/avantigestionesinmobiliarias.es\/index.php\/wp-json\/wp\/v2\/categories?post=508"},{"taxonomy":"post_tag","embeddable":true,"href":"https:\/\/avantigestionesinmobiliarias.es\/index.php\/wp-json\/wp\/v2\/tags?post=508"}],"curies":[{"name":"wp","href":"https:\/\/api.w.org\/{rel}","templated":true}]}}