{"id":418,"date":"2022-07-25T11:28:36","date_gmt":"2022-07-25T11:28:36","guid":{"rendered":"https:\/\/avantigestionesinmobiliarias.es\/?p=418"},"modified":"2022-08-06T11:27:53","modified_gmt":"2022-08-06T11:27:53","slug":"avda-fatima-malaga","status":"publish","type":"post","link":"https:\/\/avantigestionesinmobiliarias.es\/index.php\/2022\/07\/25\/avda-fatima-malaga\/","title":{"rendered":"Avda. F\u00e1tima, M\u00e1laga"},"content":{"rendered":"\n<div class=\"wp-block-image\"><figure class=\"aligncenter size-large\"><img loading=\"lazy\" decoding=\"async\" width=\"1024\" height=\"864\" src=\"https:\/\/avantigestionesinmobiliarias.es\/wp-content\/uploads\/2022\/07\/Captura-de-pantalla-2022-07-25-a-las-13.14.21-1-1024x864.png\" alt=\"\" class=\"wp-image-427\" srcset=\"https:\/\/avantigestionesinmobiliarias.es\/wp-content\/uploads\/2022\/07\/Captura-de-pantalla-2022-07-25-a-las-13.14.21-1-1024x864.png 1024w, https:\/\/avantigestionesinmobiliarias.es\/wp-content\/uploads\/2022\/07\/Captura-de-pantalla-2022-07-25-a-las-13.14.21-1-300x253.png 300w, https:\/\/avantigestionesinmobiliarias.es\/wp-content\/uploads\/2022\/07\/Captura-de-pantalla-2022-07-25-a-las-13.14.21-1-768x648.png 768w, https:\/\/avantigestionesinmobiliarias.es\/wp-content\/uploads\/2022\/07\/Captura-de-pantalla-2022-07-25-a-las-13.14.21-1-1536x1296.png 1536w, https:\/\/avantigestionesinmobiliarias.es\/wp-content\/uploads\/2022\/07\/Captura-de-pantalla-2022-07-25-a-las-13.14.21-1.png 1654w\" sizes=\"(max-width: 1024px) 100vw, 1024px\" \/><\/figure><\/div>\n\n\n\n<h2 class=\"wp-block-heading\">750\u20ac \/ Mes<\/h2>\n\n\n\n<p>Se encuentra distribuido en bonito sal\u00f3n con cocina americana completa, con todo tipo de electrodom\u00e9sticos menaje, ba\u00f1o con ducha y totalmente equipado y dos amplias y luminosas habitaciones. La habitaci\u00f3n principal tiene cama de 1,35, mesitas, escritorio y amplio armario. La segunda habitaci\u00f3n tiene una cama nido acoplada a mueble, cuenta tambi\u00e9n con un c\u00f3modo y gran escritorio.<\/p>\n\n\n\n<p>Decoraci\u00f3n de estilo moderno y con techo muy altos. Dispone de dos altillos en el sal\u00f3n con utilidad para guardar maletas, ropa, libros.. .<br>Dispone de wifi ya contratado, con un suplemento de tan solo 20\u20ac, tv por cable.<br>Posibilidad de utilizar parte del patio comunitario con tendederos comunitarios, compartido tan solo por 3 viviendas.<br>Cuenta tambi\u00e9n con trastero comunitario donde poder guardar bicicleta, monopat\u00edn, etc.<\/p>\n\n\n\n<p>Se encuentra ubicado a pocos minutos del centro hist\u00f3rico, Hospital Civil, Carreter\u00eda, Tribuna los Pobres, Calle Sevilla, as\u00ed como rodeado de todo tipo comercios y servicios diversos.<br>A unos 7 minutos de parada de bus que enlaza con Teatinos o bien con Campus El Ejido.<\/p>\n\n\n\n<p>Llame y solicite m\u00e1s informaci\u00f3n a los tel\u00e9fonos de Avanti: 665 673 090 y 601 113 864. Estaremos encantados en atenderle. \u00a1Reserve ya su visita!<\/p>\n\n\n\n<figure class=\"wp-block-gallery has-nested-images columns-default is-cropped wp-block-gallery-1 is-layout-flex wp-block-gallery-is-layout-flex\">\n<figure class=\"wp-block-image size-large\"><img loading=\"lazy\" decoding=\"async\" width=\"782\" height=\"1024\" data-id=\"425\" src=\"https:\/\/avantigestionesinmobiliarias.es\/wp-content\/uploads\/2022\/07\/Captura-de-pantalla-2022-07-25-a-las-13.16.00-782x1024.png\" alt=\"\" class=\"wp-image-425\" srcset=\"https:\/\/avantigestionesinmobiliarias.es\/wp-content\/uploads\/2022\/07\/Captura-de-pantalla-2022-07-25-a-las-13.16.00-782x1024.png 782w, https:\/\/avantigestionesinmobiliarias.es\/wp-content\/uploads\/2022\/07\/Captura-de-pantalla-2022-07-25-a-las-13.16.00-229x300.png 229w, https:\/\/avantigestionesinmobiliarias.es\/wp-content\/uploads\/2022\/07\/Captura-de-pantalla-2022-07-25-a-las-13.16.00-768x1006.png 768w, https:\/\/avantigestionesinmobiliarias.es\/wp-content\/uploads\/2022\/07\/Captura-de-pantalla-2022-07-25-a-las-13.16.00-1080x1415.png 1080w, https:\/\/avantigestionesinmobiliarias.es\/wp-content\/uploads\/2022\/07\/Captura-de-pantalla-2022-07-25-a-las-13.16.00.png 1084w\" sizes=\"(max-width: 782px) 100vw, 782px\" \/><\/figure>\n\n\n\n<figure class=\"wp-block-image size-large\"><img loading=\"lazy\" decoding=\"async\" width=\"780\" height=\"1024\" data-id=\"421\" src=\"https:\/\/avantigestionesinmobiliarias.es\/wp-content\/uploads\/2022\/07\/Captura-de-pantalla-2022-07-25-a-las-13.14.36-780x1024.png\" alt=\"\" class=\"wp-image-421\" srcset=\"https:\/\/avantigestionesinmobiliarias.es\/wp-content\/uploads\/2022\/07\/Captura-de-pantalla-2022-07-25-a-las-13.14.36-780x1024.png 780w, https:\/\/avantigestionesinmobiliarias.es\/wp-content\/uploads\/2022\/07\/Captura-de-pantalla-2022-07-25-a-las-13.14.36-229x300.png 229w, https:\/\/avantigestionesinmobiliarias.es\/wp-content\/uploads\/2022\/07\/Captura-de-pantalla-2022-07-25-a-las-13.14.36-768x1008.png 768w, https:\/\/avantigestionesinmobiliarias.es\/wp-content\/uploads\/2022\/07\/Captura-de-pantalla-2022-07-25-a-las-13.14.36.png 1082w\" sizes=\"(max-width: 780px) 100vw, 780px\" \/><\/figure>\n\n\n\n<figure class=\"wp-block-image size-large\"><img loading=\"lazy\" decoding=\"async\" width=\"779\" height=\"1024\" data-id=\"422\" src=\"https:\/\/avantigestionesinmobiliarias.es\/wp-content\/uploads\/2022\/07\/Captura-de-pantalla-2022-07-25-a-las-13.15.29-779x1024.png\" alt=\"\" class=\"wp-image-422\"\/><\/figure>\n\n\n\n<figure class=\"wp-block-image size-large\"><img loading=\"lazy\" decoding=\"async\" width=\"788\" height=\"1024\" data-id=\"420\" src=\"https:\/\/avantigestionesinmobiliarias.es\/wp-content\/uploads\/2022\/07\/Captura-de-pantalla-2022-07-25-a-las-13.14.07-788x1024.png\" alt=\"\" class=\"wp-image-420\"\/><\/figure>\n\n\n\n<figure class=\"wp-block-image size-large\"><img loading=\"lazy\" decoding=\"async\" width=\"783\" height=\"1024\" data-id=\"424\" src=\"https:\/\/avantigestionesinmobiliarias.es\/wp-content\/uploads\/2022\/07\/Captura-de-pantalla-2022-07-25-a-las-13.15.11-783x1024.png\" alt=\"\" class=\"wp-image-424\" srcset=\"https:\/\/avantigestionesinmobiliarias.es\/wp-content\/uploads\/2022\/07\/Captura-de-pantalla-2022-07-25-a-las-13.15.11-783x1024.png 783w, https:\/\/avantigestionesinmobiliarias.es\/wp-content\/uploads\/2022\/07\/Captura-de-pantalla-2022-07-25-a-las-13.15.11-230x300.png 230w, https:\/\/avantigestionesinmobiliarias.es\/wp-content\/uploads\/2022\/07\/Captura-de-pantalla-2022-07-25-a-las-13.15.11-768x1004.png 768w, https:\/\/avantigestionesinmobiliarias.es\/wp-content\/uploads\/2022\/07\/Captura-de-pantalla-2022-07-25-a-las-13.15.11.png 1088w\" sizes=\"(max-width: 783px) 100vw, 783px\" \/><\/figure>\n\n\n\n<figure class=\"wp-block-image size-large\"><img loading=\"lazy\" decoding=\"async\" width=\"1024\" height=\"987\" data-id=\"423\" src=\"https:\/\/avantigestionesinmobiliarias.es\/wp-content\/uploads\/2022\/07\/Captura-de-pantalla-2022-07-25-a-las-13.15.42-1024x987.png\" alt=\"\" class=\"wp-image-423\" srcset=\"https:\/\/avantigestionesinmobiliarias.es\/wp-content\/uploads\/2022\/07\/Captura-de-pantalla-2022-07-25-a-las-13.15.42-1024x987.png 1024w, https:\/\/avantigestionesinmobiliarias.es\/wp-content\/uploads\/2022\/07\/Captura-de-pantalla-2022-07-25-a-las-13.15.42-300x289.png 300w, https:\/\/avantigestionesinmobiliarias.es\/wp-content\/uploads\/2022\/07\/Captura-de-pantalla-2022-07-25-a-las-13.15.42-768x740.png 768w, https:\/\/avantigestionesinmobiliarias.es\/wp-content\/uploads\/2022\/07\/Captura-de-pantalla-2022-07-25-a-las-13.15.42-1080x1041.png 1080w, https:\/\/avantigestionesinmobiliarias.es\/wp-content\/uploads\/2022\/07\/Captura-de-pantalla-2022-07-25-a-las-13.15.42.png 1446w\" sizes=\"(max-width: 1024px) 100vw, 1024px\" \/><\/figure>\n<\/figure>\n","protected":false},"excerpt":{"rendered":"<p>Vivienda \u00b7 65m\u00b2 \u00b7 2 Dormitorios \u00b7 1 Ba\u00f1o<\/p>\n","protected":false},"author":1,"featured_media":419,"comment_status":"open","ping_status":"open","sticky":false,"template":"","format":"standard","meta":{"_et_pb_use_builder":"off","_et_pb_old_content":"","_et_gb_content_width":"","footnotes":""},"categories":[7],"tags":[],"class_list":["post-418","post","type-post","status-publish","format-standard","has-post-thumbnail","hentry","category-en-alquiler"],"_links":{"self":[{"href":"https:\/\/avantigestionesinmobiliarias.es\/index.php\/wp-json\/wp\/v2\/posts\/418","targetHints":{"allow":["GET"]}}],"collection":[{"href":"https:\/\/avantigestionesinmobiliarias.es\/index.php\/wp-json\/wp\/v2\/posts"}],"about":[{"href":"https:\/\/avantigestionesinmobiliarias.es\/index.php\/wp-json\/wp\/v2\/types\/post"}],"author":[{"embeddable":true,"href":"https:\/\/avantigestionesinmobiliarias.es\/index.php\/wp-json\/wp\/v2\/users\/1"}],"replies":[{"embeddable":true,"href":"https:\/\/avantigestionesinmobiliarias.es\/index.php\/wp-json\/wp\/v2\/comments?post=418"}],"version-history":[{"count":4,"href":"https:\/\/avantigestionesinmobiliarias.es\/index.php\/wp-json\/wp\/v2\/posts\/418\/revisions"}],"predecessor-version":[{"id":747,"href":"https:\/\/avantigestionesinmobiliarias.es\/index.php\/wp-json\/wp\/v2\/posts\/418\/revisions\/747"}],"wp:featuredmedia":[{"embeddable":true,"href":"https:\/\/avantigestionesinmobiliarias.es\/index.php\/wp-json\/wp\/v2\/media\/419"}],"wp:attachment":[{"href":"https:\/\/avantigestionesinmobiliarias.es\/index.php\/wp-json\/wp\/v2\/media?parent=418"}],"wp:term":[{"taxonomy":"category","embeddable":true,"href":"https:\/\/avantigestionesinmobiliarias.es\/index.php\/wp-json\/wp\/v2\/categories?post=418"},{"taxonomy":"post_tag","embeddable":true,"href":"https:\/\/avantigestionesinmobiliarias.es\/index.php\/wp-json\/wp\/v2\/tags?post=418"}],"curies":[{"name":"wp","href":"https:\/\/api.w.org\/{rel}","templated":true}]}}