{"id":1726,"date":"2024-05-02T17:34:41","date_gmt":"2024-05-02T17:34:41","guid":{"rendered":"https:\/\/avantigestionesinmobiliarias.es\/?p=1726"},"modified":"2024-06-06T08:55:58","modified_gmt":"2024-06-06T08:55:58","slug":"c-menorca-nueva-zona-en-los-guindos-malaga","status":"publish","type":"post","link":"https:\/\/avantigestionesinmobiliarias.es\/index.php\/2024\/05\/02\/c-menorca-nueva-zona-en-los-guindos-malaga\/","title":{"rendered":"C\/Menorca, Nueva zona en Los Guindos (M\u00e1laga)"},"content":{"rendered":"\n<figure class=\"wp-block-image size-large\"><img loading=\"lazy\" decoding=\"async\" width=\"1024\" height=\"768\" src=\"https:\/\/avantigestionesinmobiliarias.es\/wp-content\/uploads\/2024\/05\/IMG_7244-1024x768.jpg\" alt=\"\" class=\"wp-image-1671\" srcset=\"https:\/\/avantigestionesinmobiliarias.es\/wp-content\/uploads\/2024\/05\/IMG_7244-980x735.jpg 980w, https:\/\/avantigestionesinmobiliarias.es\/wp-content\/uploads\/2024\/05\/IMG_7244-480x360.jpg 480w\" sizes=\"(min-width: 0px) and (max-width: 480px) 480px, (min-width: 481px) and (max-width: 980px) 980px, (min-width: 981px) 1024px, 100vw\" \/><\/figure>\n\n\n\n<h2 class=\"wp-block-heading\">1.500\u20ac \/ mes<\/h2>\n\n\n\n<p>\u00bfQuieres vivir en un extraordinario apartamento de obra nueva en la zona de Avda. Vel\u00e1zquez &#8211; Los Guindos en M\u00e1laga y mejorar tu calidad de vida? \u00a1Se alquila para larga temporada!<\/p>\n\n\n\n<p>Se distribuye en amplio y luminoso sal\u00f3n comedor con cocina abierta estilo americana integrada al mismo, lavadero independiente, una espectacular y amplia terraza de 15m2 ideal para disfrutar del buen clima de la ciudad de M\u00e1laga sin salir de casa y personalizar al gusto (practicar deporte, tomar el sol, zona de trabajo, zona de descanso\/chill out, reuniones con familia y amigos\u2026), 2 habitaciones con grandes armarios (siendo una de ellas doble con acceso a la terraza y la otra individual pero tambi\u00e9n luminosa gracias a su gran ventana) y dos cuartos de ba\u00f1o completos (uno de ellos con ba\u00f1era y el otro con plato de ducha).<\/p>\n\n\n\n<p>Se incluye una amplia plaza de garaje en el mismo edificio con la suficiente capacidad para un coche grande e incluso coche y moto.<\/p>\n\n\n\n<p>Situado en un edificio tranquilo, de reciente construcci\u00f3n, donde dispone de una estupenda piscina comunitaria, c\u00f3modo parking comunitario con ascensor, zona de sol\u00e1rium, servicio de consejer\u00eda, ascensores, vigilancia, acceso para personas con movilidad reducida, entre otros.<\/p>\n\n\n\n<p>Ubicado en una de las zonas m\u00e1s potenciales de M\u00e1laga, ya que en las inmediaciones se encuentran todo tipo de comercios y servicios, proporcionando comodidad y sencillez en el d\u00eda a d\u00eda (principales cadenas de supermercados, centro de salud p\u00fablico y privado, centros de estudios p\u00fablicos y privados, farmacia, restaurantes, gimnasios, f\u00e1cil y r\u00e1pido acceso a la autov\u00eda hacia todas las direcciones que permite conectar c\u00f3modamente con cualquier zona de la ciudad de M\u00e1laga, Parques infantiles y zonas verdes, Paseo Mar\u00edtimo Antonio Machado, Playa de la Misericordia, entre otros\u2026).<\/p>\n\n\n\n<p>Llame y solicite m\u00e1s informaci\u00f3n a los tel\u00e9fonos de Avanti Gestiones Inmobiliarias y estaremos encantados en atenderle. \u00a1Reserve ya su visita sin compromiso!<\/p>\n\n\n\n<figure class=\"wp-block-gallery has-nested-images columns-default is-cropped wp-block-gallery-1 is-layout-flex wp-block-gallery-is-layout-flex\">\n<figure class=\"wp-block-image size-large\"><img loading=\"lazy\" decoding=\"async\" width=\"768\" height=\"1024\" data-id=\"1737\" src=\"https:\/\/avantigestionesinmobiliarias.es\/wp-content\/uploads\/2024\/05\/IMG_7240-768x1024.jpg\" alt=\"\" class=\"wp-image-1737\" srcset=\"https:\/\/avantigestionesinmobiliarias.es\/wp-content\/uploads\/2024\/05\/IMG_7240-768x1024.jpg 768w, https:\/\/avantigestionesinmobiliarias.es\/wp-content\/uploads\/2024\/05\/IMG_7240-225x300.jpg 225w, https:\/\/avantigestionesinmobiliarias.es\/wp-content\/uploads\/2024\/05\/IMG_7240-1152x1536.jpg 1152w, https:\/\/avantigestionesinmobiliarias.es\/wp-content\/uploads\/2024\/05\/IMG_7240-1536x2048.jpg 1536w, https:\/\/avantigestionesinmobiliarias.es\/wp-content\/uploads\/2024\/05\/IMG_7240-1080x1440.jpg 1080w, https:\/\/avantigestionesinmobiliarias.es\/wp-content\/uploads\/2024\/05\/IMG_7240-scaled.jpg 1920w\" sizes=\"(max-width: 768px) 100vw, 768px\" \/><\/figure>\n\n\n\n<figure class=\"wp-block-image size-large\"><img loading=\"lazy\" decoding=\"async\" width=\"768\" height=\"1024\" data-id=\"1736\" src=\"https:\/\/avantigestionesinmobiliarias.es\/wp-content\/uploads\/2024\/05\/IMG_7239-768x1024.jpg\" alt=\"\" class=\"wp-image-1736\"\/><\/figure>\n\n\n\n<figure class=\"wp-block-image size-large\"><img loading=\"lazy\" decoding=\"async\" width=\"768\" height=\"1024\" data-id=\"1735\" src=\"https:\/\/avantigestionesinmobiliarias.es\/wp-content\/uploads\/2024\/05\/IMG_7232-768x1024.jpg\" alt=\"\" class=\"wp-image-1735\" srcset=\"https:\/\/avantigestionesinmobiliarias.es\/wp-content\/uploads\/2024\/05\/IMG_7232-768x1024.jpg 768w, https:\/\/avantigestionesinmobiliarias.es\/wp-content\/uploads\/2024\/05\/IMG_7232-225x300.jpg 225w, https:\/\/avantigestionesinmobiliarias.es\/wp-content\/uploads\/2024\/05\/IMG_7232-1152x1536.jpg 1152w, https:\/\/avantigestionesinmobiliarias.es\/wp-content\/uploads\/2024\/05\/IMG_7232-1536x2048.jpg 1536w, https:\/\/avantigestionesinmobiliarias.es\/wp-content\/uploads\/2024\/05\/IMG_7232-scaled.jpg 1920w\" sizes=\"(max-width: 768px) 100vw, 768px\" \/><\/figure>\n<\/figure>\n\n\n\n<figure class=\"wp-block-gallery has-nested-images columns-default is-cropped wp-block-gallery-2 is-layout-flex wp-block-gallery-is-layout-flex\">\n<figure class=\"wp-block-image size-large\"><img loading=\"lazy\" decoding=\"async\" width=\"1024\" height=\"768\" data-id=\"1751\" src=\"https:\/\/avantigestionesinmobiliarias.es\/wp-content\/uploads\/2024\/05\/IMG_7247-1024x768.jpg\" alt=\"\" class=\"wp-image-1751\" srcset=\"https:\/\/avantigestionesinmobiliarias.es\/wp-content\/uploads\/2024\/05\/IMG_7247-980x735.jpg 980w, https:\/\/avantigestionesinmobiliarias.es\/wp-content\/uploads\/2024\/05\/IMG_7247-480x360.jpg 480w\" sizes=\"(min-width: 0px) and (max-width: 480px) 480px, (min-width: 481px) and (max-width: 980px) 980px, (min-width: 981px) 1024px, 100vw\" \/><\/figure>\n\n\n\n<figure class=\"wp-block-image size-large\"><img loading=\"lazy\" decoding=\"async\" width=\"1024\" height=\"768\" data-id=\"1741\" src=\"https:\/\/avantigestionesinmobiliarias.es\/wp-content\/uploads\/2024\/05\/IMG_7244-1-1024x768.jpg\" alt=\"\" class=\"wp-image-1741\" srcset=\"https:\/\/avantigestionesinmobiliarias.es\/wp-content\/uploads\/2024\/05\/IMG_7244-1-980x735.jpg 980w, https:\/\/avantigestionesinmobiliarias.es\/wp-content\/uploads\/2024\/05\/IMG_7244-1-480x360.jpg 480w\" sizes=\"(min-width: 0px) and (max-width: 480px) 480px, (min-width: 481px) and (max-width: 980px) 980px, (min-width: 981px) 1024px, 100vw\" \/><\/figure>\n<\/figure>\n\n\n\n<figure class=\"wp-block-gallery has-nested-images columns-default is-cropped wp-block-gallery-3 is-layout-flex wp-block-gallery-is-layout-flex\">\n<figure class=\"wp-block-image size-large\"><img loading=\"lazy\" decoding=\"async\" width=\"768\" height=\"1024\" data-id=\"1744\" src=\"https:\/\/avantigestionesinmobiliarias.es\/wp-content\/uploads\/2024\/05\/IMG_7266-768x1024.jpg\" alt=\"\" class=\"wp-image-1744\"\/><\/figure>\n\n\n\n<figure class=\"wp-block-image size-large\"><img loading=\"lazy\" decoding=\"async\" width=\"768\" height=\"1024\" data-id=\"1745\" src=\"https:\/\/avantigestionesinmobiliarias.es\/wp-content\/uploads\/2024\/05\/IMG_7271-768x1024.jpg\" alt=\"\" class=\"wp-image-1745\"\/><\/figure>\n<\/figure>\n\n\n\n<figure class=\"wp-block-gallery has-nested-images columns-default is-cropped wp-block-gallery-4 is-layout-flex wp-block-gallery-is-layout-flex\">\n<figure class=\"wp-block-image size-large\"><img loading=\"lazy\" decoding=\"async\" width=\"1024\" height=\"768\" data-id=\"1747\" src=\"https:\/\/avantigestionesinmobiliarias.es\/wp-content\/uploads\/2024\/05\/IMG_7284-1024x768.jpg\" alt=\"\" class=\"wp-image-1747\" srcset=\"https:\/\/avantigestionesinmobiliarias.es\/wp-content\/uploads\/2024\/05\/IMG_7284-980x735.jpg 980w, https:\/\/avantigestionesinmobiliarias.es\/wp-content\/uploads\/2024\/05\/IMG_7284-480x360.jpg 480w\" sizes=\"(min-width: 0px) and (max-width: 480px) 480px, (min-width: 481px) and (max-width: 980px) 980px, (min-width: 981px) 1024px, 100vw\" \/><\/figure>\n\n\n\n<figure class=\"wp-block-image size-large\"><img loading=\"lazy\" decoding=\"async\" width=\"768\" height=\"1024\" data-id=\"1746\" src=\"https:\/\/avantigestionesinmobiliarias.es\/wp-content\/uploads\/2024\/05\/IMG_7279-768x1024.jpg\" alt=\"\" class=\"wp-image-1746\"\/><\/figure>\n<\/figure>\n\n\n\n<figure class=\"wp-block-gallery has-nested-images columns-default is-cropped wp-block-gallery-5 is-layout-flex wp-block-gallery-is-layout-flex\">\n<figure class=\"wp-block-image size-large\"><img loading=\"lazy\" decoding=\"async\" width=\"768\" height=\"1024\" data-id=\"1752\" src=\"https:\/\/avantigestionesinmobiliarias.es\/wp-content\/uploads\/2024\/05\/IMG_7257-768x1024.jpg\" alt=\"\" class=\"wp-image-1752\"\/><\/figure>\n\n\n\n<figure class=\"wp-block-image size-large\"><img loading=\"lazy\" decoding=\"async\" width=\"768\" height=\"1024\" data-id=\"1753\" src=\"https:\/\/avantigestionesinmobiliarias.es\/wp-content\/uploads\/2024\/05\/IMG_7262-768x1024.jpg\" alt=\"\" class=\"wp-image-1753\"\/><\/figure>\n<\/figure>\n\n\n\n<figure class=\"wp-block-gallery has-nested-images columns-default is-cropped wp-block-gallery-6 is-layout-flex wp-block-gallery-is-layout-flex\">\n<figure class=\"wp-block-image size-large\"><img loading=\"lazy\" decoding=\"async\" width=\"1024\" height=\"768\" data-id=\"1732\" src=\"https:\/\/avantigestionesinmobiliarias.es\/wp-content\/uploads\/2024\/05\/IMG_7235-1024x768.jpg\" alt=\"\" class=\"wp-image-1732\" srcset=\"https:\/\/avantigestionesinmobiliarias.es\/wp-content\/uploads\/2024\/05\/IMG_7235-1024x768.jpg 1024w, https:\/\/avantigestionesinmobiliarias.es\/wp-content\/uploads\/2024\/05\/IMG_7235-300x225.jpg 300w, https:\/\/avantigestionesinmobiliarias.es\/wp-content\/uploads\/2024\/05\/IMG_7235-768x576.jpg 768w, https:\/\/avantigestionesinmobiliarias.es\/wp-content\/uploads\/2024\/05\/IMG_7235-1536x1152.jpg 1536w, https:\/\/avantigestionesinmobiliarias.es\/wp-content\/uploads\/2024\/05\/IMG_7235-2048x1536.jpg 2048w, https:\/\/avantigestionesinmobiliarias.es\/wp-content\/uploads\/2024\/05\/IMG_7235-510x382.jpg 510w, https:\/\/avantigestionesinmobiliarias.es\/wp-content\/uploads\/2024\/05\/IMG_7235-1080x810.jpg 1080w\" sizes=\"(max-width: 1024px) 100vw, 1024px\" \/><\/figure>\n\n\n\n<figure class=\"wp-block-image size-large\"><img loading=\"lazy\" decoding=\"async\" width=\"768\" height=\"1024\" data-id=\"1733\" src=\"https:\/\/avantigestionesinmobiliarias.es\/wp-content\/uploads\/2024\/05\/IMG_7225-768x1024.jpg\" alt=\"\" class=\"wp-image-1733\" srcset=\"https:\/\/avantigestionesinmobiliarias.es\/wp-content\/uploads\/2024\/05\/IMG_7225-768x1024.jpg 768w, https:\/\/avantigestionesinmobiliarias.es\/wp-content\/uploads\/2024\/05\/IMG_7225-225x300.jpg 225w, https:\/\/avantigestionesinmobiliarias.es\/wp-content\/uploads\/2024\/05\/IMG_7225-1152x1536.jpg 1152w, https:\/\/avantigestionesinmobiliarias.es\/wp-content\/uploads\/2024\/05\/IMG_7225-1536x2048.jpg 1536w, https:\/\/avantigestionesinmobiliarias.es\/wp-content\/uploads\/2024\/05\/IMG_7225-1080x1440.jpg 1080w, https:\/\/avantigestionesinmobiliarias.es\/wp-content\/uploads\/2024\/05\/IMG_7225-scaled.jpg 1920w\" sizes=\"(max-width: 768px) 100vw, 768px\" \/><\/figure>\n<\/figure>\n\n\n\n<figure class=\"wp-block-gallery has-nested-images columns-default is-cropped wp-block-gallery-7 is-layout-flex wp-block-gallery-is-layout-flex\">\n<figure class=\"wp-block-image size-large\"><img loading=\"lazy\" decoding=\"async\" width=\"768\" height=\"1024\" data-id=\"1748\" src=\"https:\/\/avantigestionesinmobiliarias.es\/wp-content\/uploads\/2024\/05\/IMG_7251-768x1024.jpg\" alt=\"\" class=\"wp-image-1748\"\/><\/figure>\n\n\n\n<figure class=\"wp-block-image size-large\"><img loading=\"lazy\" decoding=\"async\" width=\"768\" height=\"1024\" data-id=\"1749\" src=\"https:\/\/avantigestionesinmobiliarias.es\/wp-content\/uploads\/2024\/05\/IMG_7254-768x1024.jpg\" alt=\"\" class=\"wp-image-1749\"\/><\/figure>\n<\/figure>\n","protected":false},"excerpt":{"rendered":"<p>Piso de obra nueva \u00b7 78m \u00b7 2 Habitaciones \u00b7 2 Ba\u00f1os \u00b7 Terraza privada 15m \u00b7 Cocina moderna \u00b7 Lavadero<\/p>\n","protected":false},"author":1,"featured_media":1741,"comment_status":"open","ping_status":"open","sticky":false,"template":"","format":"standard","meta":{"_et_pb_use_builder":"off","_et_pb_old_content":"","_et_gb_content_width":"","footnotes":""},"categories":[7],"tags":[],"class_list":["post-1726","post","type-post","status-publish","format-standard","has-post-thumbnail","hentry","category-en-alquiler"],"_links":{"self":[{"href":"https:\/\/avantigestionesinmobiliarias.es\/index.php\/wp-json\/wp\/v2\/posts\/1726","targetHints":{"allow":["GET"]}}],"collection":[{"href":"https:\/\/avantigestionesinmobiliarias.es\/index.php\/wp-json\/wp\/v2\/posts"}],"about":[{"href":"https:\/\/avantigestionesinmobiliarias.es\/index.php\/wp-json\/wp\/v2\/types\/post"}],"author":[{"embeddable":true,"href":"https:\/\/avantigestionesinmobiliarias.es\/index.php\/wp-json\/wp\/v2\/users\/1"}],"replies":[{"embeddable":true,"href":"https:\/\/avantigestionesinmobiliarias.es\/index.php\/wp-json\/wp\/v2\/comments?post=1726"}],"version-history":[{"count":3,"href":"https:\/\/avantigestionesinmobiliarias.es\/index.php\/wp-json\/wp\/v2\/posts\/1726\/revisions"}],"predecessor-version":[{"id":1765,"href":"https:\/\/avantigestionesinmobiliarias.es\/index.php\/wp-json\/wp\/v2\/posts\/1726\/revisions\/1765"}],"wp:featuredmedia":[{"embeddable":true,"href":"https:\/\/avantigestionesinmobiliarias.es\/index.php\/wp-json\/wp\/v2\/media\/1741"}],"wp:attachment":[{"href":"https:\/\/avantigestionesinmobiliarias.es\/index.php\/wp-json\/wp\/v2\/media?parent=1726"}],"wp:term":[{"taxonomy":"category","embeddable":true,"href":"https:\/\/avantigestionesinmobiliarias.es\/index.php\/wp-json\/wp\/v2\/categories?post=1726"},{"taxonomy":"post_tag","embeddable":true,"href":"https:\/\/avantigestionesinmobiliarias.es\/index.php\/wp-json\/wp\/v2\/tags?post=1726"}],"curies":[{"name":"wp","href":"https:\/\/api.w.org\/{rel}","templated":true}]}}