{"id":1333,"date":"2023-02-03T10:24:59","date_gmt":"2023-02-03T10:24:59","guid":{"rendered":"https:\/\/avantigestionesinmobiliarias.es\/?p=1333"},"modified":"2023-02-03T10:28:26","modified_gmt":"2023-02-03T10:28:26","slug":"avenida-sorolla-torremolinos","status":"publish","type":"post","link":"https:\/\/avantigestionesinmobiliarias.es\/index.php\/2023\/02\/03\/avenida-sorolla-torremolinos\/","title":{"rendered":"Avenida Sorolla, Torremolinos"},"content":{"rendered":"\n<figure class=\"wp-block-image size-large\"><img loading=\"lazy\" decoding=\"async\" width=\"782\" height=\"1024\" src=\"https:\/\/avantigestionesinmobiliarias.es\/wp-content\/uploads\/2023\/02\/Captura-de-pantalla-2023-02-03-a-las-10.47.20-782x1024.png\" alt=\"\" class=\"wp-image-1334\"\/><\/figure>\n\n\n\n<h2 class=\"wp-block-heading\">210.000\u20ac<\/h2>\n\n\n\n<p>Se vende piso de 3 habitaciones en Torremolinos Centro, M\u00e1laga.<\/p>\n\n\n\n<p>Esta vivienda de 130 m\u00b2 se distribuye en un espacioso sal\u00f3n comedor con una agradable terraza, 3 habitaciones (una de ellas con armario empotrado), 2 cuartos de ba\u00f1o y una amplia cocina independiente.<\/p>\n\n\n\n<p>Dispone de aire acondicionado en todos los dormitorios y en el sal\u00f3n.<\/p>\n\n\n\n<p>Rodeado de comercios y servicios, con un supermercado Mercadona justo en frente de casa tal y como se puede ver en las fotos.<\/p>\n\n\n\n<p>Parada de transporte p\u00fablico al lado. Zona de f\u00e1cil aparcamiento.<\/p>\n\n\n\n<p>En cumplimiento con decreto de la Junta de Andaluc\u00eda 218\/2005 de 11 octubre, informamos que el impuesto de transmisiones patrimoniales, los gastos de notaria y registrales regulados por arancel, no est\u00e1n incluidos en el precio.<\/p>\n\n\n\n<p>Llame y solicite m\u00e1s informaci\u00f3n a los tel\u00e9fonos de Avanti Gestiones Inmobiliarias: 601 113 864 y 622 366 471. Estaremos encantados en atenderle. \u00a1Reserve ya su visita!<\/p>\n\n\n\n<figure class=\"wp-block-gallery has-nested-images columns-default is-cropped wp-block-gallery-1 is-layout-flex wp-block-gallery-is-layout-flex\">\n<figure class=\"wp-block-image size-large\"><img loading=\"lazy\" decoding=\"async\" width=\"781\" height=\"1024\" data-id=\"1336\" src=\"https:\/\/avantigestionesinmobiliarias.es\/wp-content\/uploads\/2023\/02\/Captura-de-pantalla-2023-02-03-a-las-10.50.28-781x1024.png\" alt=\"\" class=\"wp-image-1336\"\/><\/figure>\n\n\n\n<figure class=\"wp-block-image size-large\"><img loading=\"lazy\" decoding=\"async\" width=\"779\" height=\"1024\" data-id=\"1335\" src=\"https:\/\/avantigestionesinmobiliarias.es\/wp-content\/uploads\/2023\/02\/Captura-de-pantalla-2023-02-03-a-las-10.50.07-779x1024.png\" alt=\"\" class=\"wp-image-1335\"\/><\/figure>\n<\/figure>\n\n\n\n<figure class=\"wp-block-gallery has-nested-images columns-default is-cropped wp-block-gallery-2 is-layout-flex wp-block-gallery-is-layout-flex\">\n<figure class=\"wp-block-image size-large\"><img loading=\"lazy\" decoding=\"async\" width=\"784\" height=\"1024\" data-id=\"1341\" src=\"https:\/\/avantigestionesinmobiliarias.es\/wp-content\/uploads\/2023\/02\/Captura-de-pantalla-2023-02-03-a-las-10.49.39-784x1024.png\" alt=\"\" class=\"wp-image-1341\"\/><\/figure>\n\n\n\n<figure class=\"wp-block-image size-large\"><img loading=\"lazy\" decoding=\"async\" width=\"781\" height=\"1024\" data-id=\"1343\" src=\"https:\/\/avantigestionesinmobiliarias.es\/wp-content\/uploads\/2023\/02\/Captura-de-pantalla-2023-02-03-a-las-10.49.25-781x1024.png\" alt=\"\" class=\"wp-image-1343\"\/><\/figure>\n\n\n\n<figure class=\"wp-block-image size-large\"><img loading=\"lazy\" decoding=\"async\" width=\"782\" height=\"1024\" data-id=\"1340\" src=\"https:\/\/avantigestionesinmobiliarias.es\/wp-content\/uploads\/2023\/02\/Captura-de-pantalla-2023-02-03-a-las-10.49.53-782x1024.png\" alt=\"\" class=\"wp-image-1340\"\/><\/figure>\n<\/figure>\n\n\n\n<figure class=\"wp-block-gallery has-nested-images columns-default is-cropped wp-block-gallery-3 is-layout-flex wp-block-gallery-is-layout-flex\">\n<figure class=\"wp-block-image size-large\"><img loading=\"lazy\" decoding=\"async\" width=\"784\" height=\"1024\" data-id=\"1337\" src=\"https:\/\/avantigestionesinmobiliarias.es\/wp-content\/uploads\/2023\/02\/Captura-de-pantalla-2023-02-03-a-las-10.48.07-784x1024.png\" alt=\"\" class=\"wp-image-1337\"\/><\/figure>\n\n\n\n<figure class=\"wp-block-image size-large\"><img loading=\"lazy\" decoding=\"async\" width=\"779\" height=\"1024\" data-id=\"1338\" src=\"https:\/\/avantigestionesinmobiliarias.es\/wp-content\/uploads\/2023\/02\/Captura-de-pantalla-2023-02-03-a-las-10.49.06-779x1024.png\" alt=\"\" class=\"wp-image-1338\"\/><\/figure>\n<\/figure>\n","protected":false},"excerpt":{"rendered":"<p>Vivienda en Torremolinos Centro \u00b7 120m\u00b2 \u00b7 3 Dormitorios \u00b7 2 Ba\u00f1os \u00b7 Terraza<\/p>\n","protected":false},"author":1,"featured_media":1334,"comment_status":"open","ping_status":"open","sticky":false,"template":"","format":"standard","meta":{"_et_pb_use_builder":"off","_et_pb_old_content":"","_et_gb_content_width":"","footnotes":""},"categories":[6],"tags":[],"class_list":["post-1333","post","type-post","status-publish","format-standard","has-post-thumbnail","hentry","category-en-venta"],"_links":{"self":[{"href":"https:\/\/avantigestionesinmobiliarias.es\/index.php\/wp-json\/wp\/v2\/posts\/1333","targetHints":{"allow":["GET"]}}],"collection":[{"href":"https:\/\/avantigestionesinmobiliarias.es\/index.php\/wp-json\/wp\/v2\/posts"}],"about":[{"href":"https:\/\/avantigestionesinmobiliarias.es\/index.php\/wp-json\/wp\/v2\/types\/post"}],"author":[{"embeddable":true,"href":"https:\/\/avantigestionesinmobiliarias.es\/index.php\/wp-json\/wp\/v2\/users\/1"}],"replies":[{"embeddable":true,"href":"https:\/\/avantigestionesinmobiliarias.es\/index.php\/wp-json\/wp\/v2\/comments?post=1333"}],"version-history":[{"count":2,"href":"https:\/\/avantigestionesinmobiliarias.es\/index.php\/wp-json\/wp\/v2\/posts\/1333\/revisions"}],"predecessor-version":[{"id":1345,"href":"https:\/\/avantigestionesinmobiliarias.es\/index.php\/wp-json\/wp\/v2\/posts\/1333\/revisions\/1345"}],"wp:featuredmedia":[{"embeddable":true,"href":"https:\/\/avantigestionesinmobiliarias.es\/index.php\/wp-json\/wp\/v2\/media\/1334"}],"wp:attachment":[{"href":"https:\/\/avantigestionesinmobiliarias.es\/index.php\/wp-json\/wp\/v2\/media?parent=1333"}],"wp:term":[{"taxonomy":"category","embeddable":true,"href":"https:\/\/avantigestionesinmobiliarias.es\/index.php\/wp-json\/wp\/v2\/categories?post=1333"},{"taxonomy":"post_tag","embeddable":true,"href":"https:\/\/avantigestionesinmobiliarias.es\/index.php\/wp-json\/wp\/v2\/tags?post=1333"}],"curies":[{"name":"wp","href":"https:\/\/api.w.org\/{rel}","templated":true}]}}