{"id":1299,"date":"2023-01-30T19:19:12","date_gmt":"2023-01-30T19:19:12","guid":{"rendered":"https:\/\/avantigestionesinmobiliarias.es\/?p=1299"},"modified":"2023-01-30T19:26:12","modified_gmt":"2023-01-30T19:26:12","slug":"avenida-fatima-malaga","status":"publish","type":"post","link":"https:\/\/avantigestionesinmobiliarias.es\/index.php\/2023\/01\/30\/avenida-fatima-malaga\/","title":{"rendered":"Avenida F\u00e1tima, M\u00e1laga"},"content":{"rendered":"\n<figure class=\"wp-block-image size-large\"><img loading=\"lazy\" decoding=\"async\" width=\"1024\" height=\"743\" src=\"https:\/\/avantigestionesinmobiliarias.es\/wp-content\/uploads\/2023\/01\/Captura-de-pantalla-2023-01-30-a-las-20.04.03-1024x743.png\" alt=\"\" class=\"wp-image-1308\" srcset=\"https:\/\/avantigestionesinmobiliarias.es\/wp-content\/uploads\/2023\/01\/Captura-de-pantalla-2023-01-30-a-las-20.04.03-980x711.png 980w, https:\/\/avantigestionesinmobiliarias.es\/wp-content\/uploads\/2023\/01\/Captura-de-pantalla-2023-01-30-a-las-20.04.03-480x348.png 480w\" sizes=\"(min-width: 0px) and (max-width: 480px) 480px, (min-width: 481px) and (max-width: 980px) 980px, (min-width: 981px) 1024px, 100vw\" \/><\/figure>\n\n\n\n<p><\/p>\n\n\n\n<h2 class=\"wp-block-heading\">Piso con licencia tur\u00edstica &#8211; Consultar precio (seg\u00fan temporada)<\/h2>\n\n\n\n<p>Se alquila este coqueto apartamento de 2 dormitorios en Avenida F\u00e1tima, muy pr\u00f3ximo al Centro Hist\u00f3rico de M\u00e1laga. En perfecto estado.<\/p>\n\n\n\n<p>La vivienda se distribuye en 2 amplios dormitorios (uno de ellos con cama de matrimonio y otro con tres camas), cuarto de ba\u00f1o completo con ducha, cocina americana completamente equipada (con todo tipo de electrodom\u00e9sticos y menaje de cocina), y un espacioso sal\u00f3n comedor.<br>Dispone de aire acondicionado.<\/p>\n\n\n\n<p>Se encuentra ubicado a pocos minutos del Centro Hist\u00f3rico, Hospital Civil, Carreter\u00eda, Tribuna los Pobres, Calle Sevilla, as\u00ed como rodeado de todo tipo comercios y servicios diversos (distintos supermercados, panader\u00eda, farmacia, bares.. . )<br>Zona muy bien comunicada. Parada de bus muy cerca. F\u00e1cil y r\u00e1pido acceso a la autov\u00eda.<\/p>\n\n\n\n<p>Llame y solicite m\u00e1s informaci\u00f3n a los tel\u00e9fonos de Avanti Gestiones Inmobiliarias: 601 113 864 y 622 366 471. Estaremos encantados en atenderle. \u00a1Reserve ya su visita!<\/p>\n\n\n\n<figure class=\"wp-block-gallery has-nested-images columns-default is-cropped wp-block-gallery-1 is-layout-flex wp-block-gallery-is-layout-flex\">\n<figure class=\"wp-block-image size-large\"><img loading=\"lazy\" decoding=\"async\" width=\"783\" height=\"1024\" data-id=\"1304\" src=\"https:\/\/avantigestionesinmobiliarias.es\/wp-content\/uploads\/2023\/01\/Captura-de-pantalla-2023-01-30-a-las-20.04.43-783x1024.png\" alt=\"\" class=\"wp-image-1304\"\/><\/figure>\n\n\n\n<figure class=\"wp-block-image size-large\"><img loading=\"lazy\" decoding=\"async\" width=\"1024\" height=\"736\" data-id=\"1305\" src=\"https:\/\/avantigestionesinmobiliarias.es\/wp-content\/uploads\/2023\/01\/Captura-de-pantalla-2023-01-30-a-las-20.05.02-1024x736.png\" alt=\"\" class=\"wp-image-1305\" srcset=\"https:\/\/avantigestionesinmobiliarias.es\/wp-content\/uploads\/2023\/01\/Captura-de-pantalla-2023-01-30-a-las-20.05.02-980x705.png 980w, https:\/\/avantigestionesinmobiliarias.es\/wp-content\/uploads\/2023\/01\/Captura-de-pantalla-2023-01-30-a-las-20.05.02-480x345.png 480w\" sizes=\"(min-width: 0px) and (max-width: 480px) 480px, (min-width: 481px) and (max-width: 980px) 980px, (min-width: 981px) 1024px, 100vw\" \/><\/figure>\n\n\n\n<figure class=\"wp-block-image size-large\"><img loading=\"lazy\" decoding=\"async\" width=\"1024\" height=\"743\" data-id=\"1308\" src=\"https:\/\/avantigestionesinmobiliarias.es\/wp-content\/uploads\/2023\/01\/Captura-de-pantalla-2023-01-30-a-las-20.04.03-1024x743.png\" alt=\"\" class=\"wp-image-1308\" srcset=\"https:\/\/avantigestionesinmobiliarias.es\/wp-content\/uploads\/2023\/01\/Captura-de-pantalla-2023-01-30-a-las-20.04.03-980x711.png 980w, https:\/\/avantigestionesinmobiliarias.es\/wp-content\/uploads\/2023\/01\/Captura-de-pantalla-2023-01-30-a-las-20.04.03-480x348.png 480w\" sizes=\"(min-width: 0px) and (max-width: 480px) 480px, (min-width: 481px) and (max-width: 980px) 980px, (min-width: 981px) 1024px, 100vw\" \/><\/figure>\n<\/figure>\n\n\n\n<figure class=\"wp-block-gallery has-nested-images columns-default is-cropped wp-block-gallery-2 is-layout-flex wp-block-gallery-is-layout-flex\">\n<figure class=\"wp-block-image size-large\"><img loading=\"lazy\" decoding=\"async\" width=\"784\" height=\"1024\" data-id=\"1302\" src=\"https:\/\/avantigestionesinmobiliarias.es\/wp-content\/uploads\/2023\/01\/Captura-de-pantalla-2023-01-30-a-las-20.07.58-784x1024.png\" alt=\"\" class=\"wp-image-1302\"\/><\/figure>\n\n\n\n<figure class=\"wp-block-image size-large\"><img loading=\"lazy\" decoding=\"async\" width=\"1024\" height=\"742\" data-id=\"1303\" src=\"https:\/\/avantigestionesinmobiliarias.es\/wp-content\/uploads\/2023\/01\/Captura-de-pantalla-2023-01-30-a-las-20.07.43-1024x742.png\" alt=\"\" class=\"wp-image-1303\" srcset=\"https:\/\/avantigestionesinmobiliarias.es\/wp-content\/uploads\/2023\/01\/Captura-de-pantalla-2023-01-30-a-las-20.07.43-980x710.png 980w, https:\/\/avantigestionesinmobiliarias.es\/wp-content\/uploads\/2023\/01\/Captura-de-pantalla-2023-01-30-a-las-20.07.43-480x348.png 480w\" sizes=\"(min-width: 0px) and (max-width: 480px) 480px, (min-width: 481px) and (max-width: 980px) 980px, (min-width: 981px) 1024px, 100vw\" \/><\/figure>\n\n\n\n<figure class=\"wp-block-image size-large\"><img loading=\"lazy\" decoding=\"async\" width=\"779\" height=\"1024\" data-id=\"1301\" src=\"https:\/\/avantigestionesinmobiliarias.es\/wp-content\/uploads\/2023\/01\/Captura-de-pantalla-2023-01-30-a-las-20.07.30-779x1024.png\" alt=\"\" class=\"wp-image-1301\"\/><\/figure>\n<\/figure>\n\n\n\n<figure class=\"wp-block-gallery has-nested-images columns-default is-cropped wp-block-gallery-3 is-layout-flex wp-block-gallery-is-layout-flex\">\n<figure class=\"wp-block-image size-large\"><img loading=\"lazy\" decoding=\"async\" width=\"781\" height=\"1024\" data-id=\"1310\" src=\"https:\/\/avantigestionesinmobiliarias.es\/wp-content\/uploads\/2023\/01\/Captura-de-pantalla-2023-01-30-a-las-20.07.01-781x1024.png\" alt=\"\" class=\"wp-image-1310\"\/><\/figure>\n\n\n\n<figure class=\"wp-block-image size-large\"><img loading=\"lazy\" decoding=\"async\" width=\"784\" height=\"1024\" data-id=\"1309\" src=\"https:\/\/avantigestionesinmobiliarias.es\/wp-content\/uploads\/2023\/01\/Captura-de-pantalla-2023-01-30-a-las-20.06.46-784x1024.png\" alt=\"\" class=\"wp-image-1309\"\/><\/figure>\n<\/figure>\n\n\n\n<figure class=\"wp-block-gallery has-nested-images columns-default is-cropped wp-block-gallery-4 is-layout-flex wp-block-gallery-is-layout-flex\">\n<figure class=\"wp-block-image size-large\"><img loading=\"lazy\" decoding=\"async\" width=\"782\" height=\"1024\" data-id=\"1311\" src=\"https:\/\/avantigestionesinmobiliarias.es\/wp-content\/uploads\/2023\/01\/Captura-de-pantalla-2023-01-30-a-las-20.09.03-782x1024.png\" alt=\"\" class=\"wp-image-1311\"\/><\/figure>\n\n\n\n<figure class=\"wp-block-image size-large\"><img loading=\"lazy\" decoding=\"async\" width=\"782\" height=\"1024\" data-id=\"1312\" src=\"https:\/\/avantigestionesinmobiliarias.es\/wp-content\/uploads\/2023\/01\/Captura-de-pantalla-2023-01-30-a-las-20.09.21-782x1024.png\" alt=\"\" class=\"wp-image-1312\"\/><\/figure>\n<\/figure>\n","protected":false},"excerpt":{"rendered":"<p>Piso tur\u00edstico \u00b7 65 m\u00b2 \u00b7 2 Dormitorios \u00b7 1 Ba\u00f1o \u00b7 Patio interior comunitario \u00b7<\/p>\n","protected":false},"author":1,"featured_media":1300,"comment_status":"open","ping_status":"open","sticky":false,"template":"","format":"standard","meta":{"_et_pb_use_builder":"off","_et_pb_old_content":"","_et_gb_content_width":"","footnotes":""},"categories":[7],"tags":[],"class_list":["post-1299","post","type-post","status-publish","format-standard","has-post-thumbnail","hentry","category-en-alquiler"],"_links":{"self":[{"href":"https:\/\/avantigestionesinmobiliarias.es\/index.php\/wp-json\/wp\/v2\/posts\/1299","targetHints":{"allow":["GET"]}}],"collection":[{"href":"https:\/\/avantigestionesinmobiliarias.es\/index.php\/wp-json\/wp\/v2\/posts"}],"about":[{"href":"https:\/\/avantigestionesinmobiliarias.es\/index.php\/wp-json\/wp\/v2\/types\/post"}],"author":[{"embeddable":true,"href":"https:\/\/avantigestionesinmobiliarias.es\/index.php\/wp-json\/wp\/v2\/users\/1"}],"replies":[{"embeddable":true,"href":"https:\/\/avantigestionesinmobiliarias.es\/index.php\/wp-json\/wp\/v2\/comments?post=1299"}],"version-history":[{"count":5,"href":"https:\/\/avantigestionesinmobiliarias.es\/index.php\/wp-json\/wp\/v2\/posts\/1299\/revisions"}],"predecessor-version":[{"id":1319,"href":"https:\/\/avantigestionesinmobiliarias.es\/index.php\/wp-json\/wp\/v2\/posts\/1299\/revisions\/1319"}],"wp:featuredmedia":[{"embeddable":true,"href":"https:\/\/avantigestionesinmobiliarias.es\/index.php\/wp-json\/wp\/v2\/media\/1300"}],"wp:attachment":[{"href":"https:\/\/avantigestionesinmobiliarias.es\/index.php\/wp-json\/wp\/v2\/media?parent=1299"}],"wp:term":[{"taxonomy":"category","embeddable":true,"href":"https:\/\/avantigestionesinmobiliarias.es\/index.php\/wp-json\/wp\/v2\/categories?post=1299"},{"taxonomy":"post_tag","embeddable":true,"href":"https:\/\/avantigestionesinmobiliarias.es\/index.php\/wp-json\/wp\/v2\/tags?post=1299"}],"curies":[{"name":"wp","href":"https:\/\/api.w.org\/{rel}","templated":true}]}}